{"id":3878,"date":"2026-04-01T16:22:04","date_gmt":"2026-04-01T19:22:04","guid":{"rendered":"https:\/\/coltex.com.br\/site\/?p=3878"},"modified":"2026-04-23T13:18:56","modified_gmt":"2026-04-23T16:18:56","slug":"agrestetex-2026-o-lancamento-da-nova-era-da-tecnologia-textil","status":"publish","type":"post","link":"https:\/\/coltex.com.br\/site\/agrestetex-2026-o-lancamento-da-nova-era-da-tecnologia-textil\/","title":{"rendered":"AGRESTETEX 2026: o lan\u00e7amento da nova era da tecnologia t\u00eaxtil"},"content":{"rendered":"\n<h2 class=\"wp-block-heading has-text-align-center\">AGRESTETEX 2026: o lan\u00e7amento da nova era da tecnologia t\u00eaxtil<\/h2>\n\n\n\n<p>A AgresteTex 2026 acontece de <strong>14 a 17 de abril<\/strong>, no Polo Caruaru (PE), reunindo os principais players da cadeia t\u00eaxtil em um dos maiores polos de confec\u00e7\u00e3o do Brasil. Em sua 8\u00aa edi\u00e7\u00e3o, o evento se consolida como um ambiente direto de neg\u00f3cios, conex\u00e3o e atualiza\u00e7\u00e3o de mercado.<\/p>\n\n\n\n<p><strong>UPTEX: o grande lan\u00e7amento da Coltex<\/strong><\/p>\n\n\n\n<p>\u00c9 nesse cen\u00e1rio que a Coltex apresenta a <strong>Uptex<\/strong>, sua nova linha de tecidos com tecnologia, desenvolvida para os segmentos esportivo, fitness, \u00edntimo e athleisure.<\/p>\n\n\n\n<p>Mais do que uma cole\u00e7\u00e3o, a Uptex nasce como uma plataforma completa de inova\u00e7\u00e3o, criada para entregar performance, conforto e valor real ao produto final. Sua constru\u00e7\u00e3o integra diferentes tecnologias que atuam diretamente na experi\u00eancia de uso:<\/p>\n\n\n\n<p><strong>Grafeno:<\/strong> regula\u00e7\u00e3o t\u00e9rmica, est\u00edmulo \u00e0 circula\u00e7\u00e3o e a\u00e7\u00e3o antibacteriana<br><strong>Infravermelho:<\/strong> aux\u00edlio na recupera\u00e7\u00e3o muscular<br><strong>Modal:<\/strong> toque macio e respirabilidade<br><strong>Bac:<\/strong> controle de odores<br><strong>Block:<\/strong> zero transpar\u00eancia e mais seguran\u00e7a<br><strong>Protect:<\/strong> prote\u00e7\u00e3o UV<br><strong>Care (Aloe Vera):<\/strong> cuidado com a pele e bem-estar<\/p>\n\n\n\n<p>Essa combina\u00e7\u00e3o transforma o tecido em um diferencial competitivo claro, elevando o <strong>desempenho<\/strong>, a <strong>durabilidade<\/strong> e a <strong>percep\u00e7\u00e3o de valor das pe\u00e7as.<\/strong><\/p>\n\n\n\n<figure class=\"wp-block-video\"><video height=\"1080\" style=\"aspect-ratio: 1920 \/ 1080;\" width=\"1920\" controls src=\"https:\/\/coltex.com.br\/site\/wp-content\/uploads\/2026\/03\/0331-1.mp4\"><\/video><\/figure>\n\n\n\n<p>A Uptex representa uma mudan\u00e7a de cen\u00e1rio: a tecnologia deixa de ser um detalhe e passa a ser protagonista no desenvolvimento de produto.<\/p>\n\n\n\n<p>Seu lan\u00e7amento na AgresteTex refor\u00e7a esse movimento \u2014 conectando inova\u00e7\u00e3o, mercado e novas possibilidades para marcas que buscam mais performance e diferencia\u00e7\u00e3o.<\/p>\n","protected":false},"excerpt":{"rendered":"<p>AGRESTETEX 2026: o lan\u00e7amento da nova era da tecnologia t\u00eaxtil A AgresteTex 2026 acontece de 14 a 17 de abril, no Polo Caruaru (PE), reunindo os principais players da cadeia t\u00eaxtil em um dos maiores polos de confec\u00e7\u00e3o do Brasil. Em sua 8\u00aa edi\u00e7\u00e3o, o evento se consolida como um ambiente direto de neg\u00f3cios, conex\u00e3o [&hellip;]<\/p>\n","protected":false},"author":2,"featured_media":3898,"comment_status":"closed","ping_status":"closed","sticky":false,"template":"","format":"standard","meta":{"footnotes":""},"categories":[1],"tags":[],"class_list":["post-3878","post","type-post","status-publish","format-standard","has-post-thumbnail","hentry","category-moda-praia"],"yoast_head":"<!-- This site is optimized with the Yoast SEO plugin v27.5 - https:\/\/yoast.com\/product\/yoast-seo-wordpress\/ -->\n<title>AGRESTETEX 2026: o lan\u00e7amento da nova era da tecnologia t\u00eaxtil - Coltex<\/title>\n<meta name=\"robots\" content=\"index, follow, max-snippet:-1, max-image-preview:large, max-video-preview:-1\" \/>\n<link rel=\"canonical\" href=\"https:\/\/coltex.com.br\/site\/agrestetex-2026-o-lancamento-da-nova-era-da-tecnologia-textil\/\" \/>\n<meta property=\"og:locale\" content=\"pt_BR\" \/>\n<meta property=\"og:type\" content=\"article\" \/>\n<meta property=\"og:title\" content=\"AGRESTETEX 2026: o lan\u00e7amento da nova era da tecnologia t\u00eaxtil - Coltex\" \/>\n<meta property=\"og:description\" content=\"AGRESTETEX 2026: o lan\u00e7amento da nova era da tecnologia t\u00eaxtil A AgresteTex 2026 acontece de 14 a 17 de abril, no Polo Caruaru (PE), reunindo os principais players da cadeia t\u00eaxtil em um dos maiores polos de confec\u00e7\u00e3o do Brasil. Em sua 8\u00aa edi\u00e7\u00e3o, o evento se consolida como um ambiente direto de neg\u00f3cios, conex\u00e3o [&hellip;]\" \/>\n<meta property=\"og:url\" content=\"https:\/\/coltex.com.br\/site\/agrestetex-2026-o-lancamento-da-nova-era-da-tecnologia-textil\/\" \/>\n<meta property=\"og:site_name\" content=\"Coltex\" \/>\n<meta property=\"article:publisher\" content=\"https:\/\/www.facebook.com\/coltextextil\" \/>\n<meta property=\"article:published_time\" content=\"2026-04-01T19:22:04+00:00\" \/>\n<meta property=\"article:modified_time\" content=\"2026-04-23T16:18:56+00:00\" \/>\n<meta property=\"og:image\" content=\"https:\/\/coltex.com.br\/site\/wp-content\/uploads\/2026\/03\/ChatGPT-Image-31-de-mar.-de-2026-17_02_37-1024x683.png\" \/>\n\t<meta property=\"og:image:width\" content=\"1024\" \/>\n\t<meta property=\"og:image:height\" content=\"683\" \/>\n\t<meta property=\"og:image:type\" content=\"image\/png\" \/>\n<meta name=\"author\" content=\"diego\" \/>\n<meta name=\"twitter:card\" content=\"summary_large_image\" \/>\n<meta name=\"twitter:label1\" content=\"Escrito por\" \/>\n\t<meta name=\"twitter:data1\" content=\"diego\" \/>\n\t<meta name=\"twitter:label2\" content=\"Est. tempo de leitura\" \/>\n\t<meta name=\"twitter:data2\" content=\"1 minuto\" \/>\n<script type=\"application\/ld+json\" class=\"yoast-schema-graph\">{\"@context\":\"https:\\\/\\\/schema.org\",\"@graph\":[{\"@type\":\"Article\",\"@id\":\"https:\\\/\\\/coltex.com.br\\\/site\\\/agrestetex-2026-o-lancamento-da-nova-era-da-tecnologia-textil\\\/#article\",\"isPartOf\":{\"@id\":\"https:\\\/\\\/coltex.com.br\\\/site\\\/agrestetex-2026-o-lancamento-da-nova-era-da-tecnologia-textil\\\/\"},\"author\":{\"name\":\"diego\",\"@id\":\"https:\\\/\\\/coltex.com.br\\\/site\\\/#\\\/schema\\\/person\\\/1d26b7bacc0611dfb8db7af9543961ad\"},\"headline\":\"AGRESTETEX 2026: o lan\u00e7amento da nova era da tecnologia t\u00eaxtil\",\"datePublished\":\"2026-04-01T19:22:04+00:00\",\"dateModified\":\"2026-04-23T16:18:56+00:00\",\"mainEntityOfPage\":{\"@id\":\"https:\\\/\\\/coltex.com.br\\\/site\\\/agrestetex-2026-o-lancamento-da-nova-era-da-tecnologia-textil\\\/\"},\"wordCount\":271,\"publisher\":{\"@id\":\"https:\\\/\\\/coltex.com.br\\\/site\\\/#organization\"},\"image\":{\"@id\":\"https:\\\/\\\/coltex.com.br\\\/site\\\/agrestetex-2026-o-lancamento-da-nova-era-da-tecnologia-textil\\\/#primaryimage\"},\"thumbnailUrl\":\"https:\\\/\\\/coltex.com.br\\\/site\\\/wp-content\\\/uploads\\\/2026\\\/03\\\/ChatGPT-Image-31-de-mar.-de-2026-17_02_37.png\",\"articleSection\":[\"Moda Praia\"],\"inLanguage\":\"pt-BR\"},{\"@type\":\"WebPage\",\"@id\":\"https:\\\/\\\/coltex.com.br\\\/site\\\/agrestetex-2026-o-lancamento-da-nova-era-da-tecnologia-textil\\\/\",\"url\":\"https:\\\/\\\/coltex.com.br\\\/site\\\/agrestetex-2026-o-lancamento-da-nova-era-da-tecnologia-textil\\\/\",\"name\":\"AGRESTETEX 2026: o lan\u00e7amento da nova era da tecnologia t\u00eaxtil - Coltex\",\"isPartOf\":{\"@id\":\"https:\\\/\\\/coltex.com.br\\\/site\\\/#website\"},\"primaryImageOfPage\":{\"@id\":\"https:\\\/\\\/coltex.com.br\\\/site\\\/agrestetex-2026-o-lancamento-da-nova-era-da-tecnologia-textil\\\/#primaryimage\"},\"image\":{\"@id\":\"https:\\\/\\\/coltex.com.br\\\/site\\\/agrestetex-2026-o-lancamento-da-nova-era-da-tecnologia-textil\\\/#primaryimage\"},\"thumbnailUrl\":\"https:\\\/\\\/coltex.com.br\\\/site\\\/wp-content\\\/uploads\\\/2026\\\/03\\\/ChatGPT-Image-31-de-mar.-de-2026-17_02_37.png\",\"datePublished\":\"2026-04-01T19:22:04+00:00\",\"dateModified\":\"2026-04-23T16:18:56+00:00\",\"breadcrumb\":{\"@id\":\"https:\\\/\\\/coltex.com.br\\\/site\\\/agrestetex-2026-o-lancamento-da-nova-era-da-tecnologia-textil\\\/#breadcrumb\"},\"inLanguage\":\"pt-BR\",\"potentialAction\":[{\"@type\":\"ReadAction\",\"target\":[\"https:\\\/\\\/coltex.com.br\\\/site\\\/agrestetex-2026-o-lancamento-da-nova-era-da-tecnologia-textil\\\/\"]}]},{\"@type\":\"ImageObject\",\"inLanguage\":\"pt-BR\",\"@id\":\"https:\\\/\\\/coltex.com.br\\\/site\\\/agrestetex-2026-o-lancamento-da-nova-era-da-tecnologia-textil\\\/#primaryimage\",\"url\":\"https:\\\/\\\/coltex.com.br\\\/site\\\/wp-content\\\/uploads\\\/2026\\\/03\\\/ChatGPT-Image-31-de-mar.-de-2026-17_02_37.png\",\"contentUrl\":\"https:\\\/\\\/coltex.com.br\\\/site\\\/wp-content\\\/uploads\\\/2026\\\/03\\\/ChatGPT-Image-31-de-mar.-de-2026-17_02_37.png\",\"width\":1536,\"height\":1024},{\"@type\":\"BreadcrumbList\",\"@id\":\"https:\\\/\\\/coltex.com.br\\\/site\\\/agrestetex-2026-o-lancamento-da-nova-era-da-tecnologia-textil\\\/#breadcrumb\",\"itemListElement\":[{\"@type\":\"ListItem\",\"position\":1,\"name\":\"In\u00edcio\",\"item\":\"https:\\\/\\\/coltex.com.br\\\/site\\\/\"},{\"@type\":\"ListItem\",\"position\":2,\"name\":\"AGRESTETEX 2026: o lan\u00e7amento da nova era da tecnologia t\u00eaxtil\"}]},{\"@type\":\"WebSite\",\"@id\":\"https:\\\/\\\/coltex.com.br\\\/site\\\/#website\",\"url\":\"https:\\\/\\\/coltex.com.br\\\/site\\\/\",\"name\":\"Coltex\",\"description\":\"\",\"publisher\":{\"@id\":\"https:\\\/\\\/coltex.com.br\\\/site\\\/#organization\"},\"potentialAction\":[{\"@type\":\"SearchAction\",\"target\":{\"@type\":\"EntryPoint\",\"urlTemplate\":\"https:\\\/\\\/coltex.com.br\\\/site\\\/?s={search_term_string}\"},\"query-input\":{\"@type\":\"PropertyValueSpecification\",\"valueRequired\":true,\"valueName\":\"search_term_string\"}}],\"inLanguage\":\"pt-BR\"},{\"@type\":\"Organization\",\"@id\":\"https:\\\/\\\/coltex.com.br\\\/site\\\/#organization\",\"name\":\"Coltex\",\"url\":\"https:\\\/\\\/coltex.com.br\\\/site\\\/\",\"logo\":{\"@type\":\"ImageObject\",\"inLanguage\":\"pt-BR\",\"@id\":\"https:\\\/\\\/coltex.com.br\\\/site\\\/#\\\/schema\\\/logo\\\/image\\\/\",\"url\":\"https:\\\/\\\/coltex.com.br\\\/site\\\/wp-content\\\/uploads\\\/2025\\\/10\\\/logo-coltex-para-o-site-copiar.png\",\"contentUrl\":\"https:\\\/\\\/coltex.com.br\\\/site\\\/wp-content\\\/uploads\\\/2025\\\/10\\\/logo-coltex-para-o-site-copiar.png\",\"width\":424,\"height\":135,\"caption\":\"Coltex\"},\"image\":{\"@id\":\"https:\\\/\\\/coltex.com.br\\\/site\\\/#\\\/schema\\\/logo\\\/image\\\/\"},\"sameAs\":[\"https:\\\/\\\/www.facebook.com\\\/coltextextil\",\"https:\\\/\\\/www.instagram.com\\\/coltextextil\",\"https:\\\/\\\/www.youtube.com\\\/@coltextextil\",\"https:\\\/\\\/www.linkedin.com\\\/company\\\/coltextextil\",\"https:\\\/\\\/br.pinterest.com\\\/coltextextil\"]},{\"@type\":\"Person\",\"@id\":\"https:\\\/\\\/coltex.com.br\\\/site\\\/#\\\/schema\\\/person\\\/1d26b7bacc0611dfb8db7af9543961ad\",\"name\":\"diego\",\"image\":{\"@type\":\"ImageObject\",\"inLanguage\":\"pt-BR\",\"@id\":\"https:\\\/\\\/secure.gravatar.com\\\/avatar\\\/dc82f66d78b339fe26fa294143a113bc9f5e94d730b1718c00a0eddca84c310d?s=96&d=mm&r=g\",\"url\":\"https:\\\/\\\/secure.gravatar.com\\\/avatar\\\/dc82f66d78b339fe26fa294143a113bc9f5e94d730b1718c00a0eddca84c310d?s=96&d=mm&r=g\",\"contentUrl\":\"https:\\\/\\\/secure.gravatar.com\\\/avatar\\\/dc82f66d78b339fe26fa294143a113bc9f5e94d730b1718c00a0eddca84c310d?s=96&d=mm&r=g\",\"caption\":\"diego\"},\"url\":\"https:\\\/\\\/coltex.com.br\\\/site\\\/author\\\/diego\\\/\"}]}<\/script>\n<!-- \/ Yoast SEO plugin. -->","yoast_head_json":{"title":"AGRESTETEX 2026: o lan\u00e7amento da nova era da tecnologia t\u00eaxtil - Coltex","robots":{"index":"index","follow":"follow","max-snippet":"max-snippet:-1","max-image-preview":"max-image-preview:large","max-video-preview":"max-video-preview:-1"},"canonical":"https:\/\/coltex.com.br\/site\/agrestetex-2026-o-lancamento-da-nova-era-da-tecnologia-textil\/","og_locale":"pt_BR","og_type":"article","og_title":"AGRESTETEX 2026: o lan\u00e7amento da nova era da tecnologia t\u00eaxtil - Coltex","og_description":"AGRESTETEX 2026: o lan\u00e7amento da nova era da tecnologia t\u00eaxtil A AgresteTex 2026 acontece de 14 a 17 de abril, no Polo Caruaru (PE), reunindo os principais players da cadeia t\u00eaxtil em um dos maiores polos de confec\u00e7\u00e3o do Brasil. Em sua 8\u00aa edi\u00e7\u00e3o, o evento se consolida como um ambiente direto de neg\u00f3cios, conex\u00e3o [&hellip;]","og_url":"https:\/\/coltex.com.br\/site\/agrestetex-2026-o-lancamento-da-nova-era-da-tecnologia-textil\/","og_site_name":"Coltex","article_publisher":"https:\/\/www.facebook.com\/coltextextil","article_published_time":"2026-04-01T19:22:04+00:00","article_modified_time":"2026-04-23T16:18:56+00:00","og_image":[{"width":1024,"height":683,"url":"https:\/\/coltex.com.br\/site\/wp-content\/uploads\/2026\/03\/ChatGPT-Image-31-de-mar.-de-2026-17_02_37-1024x683.png","type":"image\/png"}],"author":"diego","twitter_card":"summary_large_image","twitter_misc":{"Escrito por":"diego","Est. tempo de leitura":"1 minuto"},"schema":{"@context":"https:\/\/schema.org","@graph":[{"@type":"Article","@id":"https:\/\/coltex.com.br\/site\/agrestetex-2026-o-lancamento-da-nova-era-da-tecnologia-textil\/#article","isPartOf":{"@id":"https:\/\/coltex.com.br\/site\/agrestetex-2026-o-lancamento-da-nova-era-da-tecnologia-textil\/"},"author":{"name":"diego","@id":"https:\/\/coltex.com.br\/site\/#\/schema\/person\/1d26b7bacc0611dfb8db7af9543961ad"},"headline":"AGRESTETEX 2026: o lan\u00e7amento da nova era da tecnologia t\u00eaxtil","datePublished":"2026-04-01T19:22:04+00:00","dateModified":"2026-04-23T16:18:56+00:00","mainEntityOfPage":{"@id":"https:\/\/coltex.com.br\/site\/agrestetex-2026-o-lancamento-da-nova-era-da-tecnologia-textil\/"},"wordCount":271,"publisher":{"@id":"https:\/\/coltex.com.br\/site\/#organization"},"image":{"@id":"https:\/\/coltex.com.br\/site\/agrestetex-2026-o-lancamento-da-nova-era-da-tecnologia-textil\/#primaryimage"},"thumbnailUrl":"https:\/\/coltex.com.br\/site\/wp-content\/uploads\/2026\/03\/ChatGPT-Image-31-de-mar.-de-2026-17_02_37.png","articleSection":["Moda Praia"],"inLanguage":"pt-BR"},{"@type":"WebPage","@id":"https:\/\/coltex.com.br\/site\/agrestetex-2026-o-lancamento-da-nova-era-da-tecnologia-textil\/","url":"https:\/\/coltex.com.br\/site\/agrestetex-2026-o-lancamento-da-nova-era-da-tecnologia-textil\/","name":"AGRESTETEX 2026: o lan\u00e7amento da nova era da tecnologia t\u00eaxtil - Coltex","isPartOf":{"@id":"https:\/\/coltex.com.br\/site\/#website"},"primaryImageOfPage":{"@id":"https:\/\/coltex.com.br\/site\/agrestetex-2026-o-lancamento-da-nova-era-da-tecnologia-textil\/#primaryimage"},"image":{"@id":"https:\/\/coltex.com.br\/site\/agrestetex-2026-o-lancamento-da-nova-era-da-tecnologia-textil\/#primaryimage"},"thumbnailUrl":"https:\/\/coltex.com.br\/site\/wp-content\/uploads\/2026\/03\/ChatGPT-Image-31-de-mar.-de-2026-17_02_37.png","datePublished":"2026-04-01T19:22:04+00:00","dateModified":"2026-04-23T16:18:56+00:00","breadcrumb":{"@id":"https:\/\/coltex.com.br\/site\/agrestetex-2026-o-lancamento-da-nova-era-da-tecnologia-textil\/#breadcrumb"},"inLanguage":"pt-BR","potentialAction":[{"@type":"ReadAction","target":["https:\/\/coltex.com.br\/site\/agrestetex-2026-o-lancamento-da-nova-era-da-tecnologia-textil\/"]}]},{"@type":"ImageObject","inLanguage":"pt-BR","@id":"https:\/\/coltex.com.br\/site\/agrestetex-2026-o-lancamento-da-nova-era-da-tecnologia-textil\/#primaryimage","url":"https:\/\/coltex.com.br\/site\/wp-content\/uploads\/2026\/03\/ChatGPT-Image-31-de-mar.-de-2026-17_02_37.png","contentUrl":"https:\/\/coltex.com.br\/site\/wp-content\/uploads\/2026\/03\/ChatGPT-Image-31-de-mar.-de-2026-17_02_37.png","width":1536,"height":1024},{"@type":"BreadcrumbList","@id":"https:\/\/coltex.com.br\/site\/agrestetex-2026-o-lancamento-da-nova-era-da-tecnologia-textil\/#breadcrumb","itemListElement":[{"@type":"ListItem","position":1,"name":"In\u00edcio","item":"https:\/\/coltex.com.br\/site\/"},{"@type":"ListItem","position":2,"name":"AGRESTETEX 2026: o lan\u00e7amento da nova era da tecnologia t\u00eaxtil"}]},{"@type":"WebSite","@id":"https:\/\/coltex.com.br\/site\/#website","url":"https:\/\/coltex.com.br\/site\/","name":"Coltex","description":"","publisher":{"@id":"https:\/\/coltex.com.br\/site\/#organization"},"potentialAction":[{"@type":"SearchAction","target":{"@type":"EntryPoint","urlTemplate":"https:\/\/coltex.com.br\/site\/?s={search_term_string}"},"query-input":{"@type":"PropertyValueSpecification","valueRequired":true,"valueName":"search_term_string"}}],"inLanguage":"pt-BR"},{"@type":"Organization","@id":"https:\/\/coltex.com.br\/site\/#organization","name":"Coltex","url":"https:\/\/coltex.com.br\/site\/","logo":{"@type":"ImageObject","inLanguage":"pt-BR","@id":"https:\/\/coltex.com.br\/site\/#\/schema\/logo\/image\/","url":"https:\/\/coltex.com.br\/site\/wp-content\/uploads\/2025\/10\/logo-coltex-para-o-site-copiar.png","contentUrl":"https:\/\/coltex.com.br\/site\/wp-content\/uploads\/2025\/10\/logo-coltex-para-o-site-copiar.png","width":424,"height":135,"caption":"Coltex"},"image":{"@id":"https:\/\/coltex.com.br\/site\/#\/schema\/logo\/image\/"},"sameAs":["https:\/\/www.facebook.com\/coltextextil","https:\/\/www.instagram.com\/coltextextil","https:\/\/www.youtube.com\/@coltextextil","https:\/\/www.linkedin.com\/company\/coltextextil","https:\/\/br.pinterest.com\/coltextextil"]},{"@type":"Person","@id":"https:\/\/coltex.com.br\/site\/#\/schema\/person\/1d26b7bacc0611dfb8db7af9543961ad","name":"diego","image":{"@type":"ImageObject","inLanguage":"pt-BR","@id":"https:\/\/secure.gravatar.com\/avatar\/dc82f66d78b339fe26fa294143a113bc9f5e94d730b1718c00a0eddca84c310d?s=96&d=mm&r=g","url":"https:\/\/secure.gravatar.com\/avatar\/dc82f66d78b339fe26fa294143a113bc9f5e94d730b1718c00a0eddca84c310d?s=96&d=mm&r=g","contentUrl":"https:\/\/secure.gravatar.com\/avatar\/dc82f66d78b339fe26fa294143a113bc9f5e94d730b1718c00a0eddca84c310d?s=96&d=mm&r=g","caption":"diego"},"url":"https:\/\/coltex.com.br\/site\/author\/diego\/"}]}},"_links":{"self":[{"href":"https:\/\/coltex.com.br\/site\/wp-json\/wp\/v2\/posts\/3878","targetHints":{"allow":["GET"]}}],"collection":[{"href":"https:\/\/coltex.com.br\/site\/wp-json\/wp\/v2\/posts"}],"about":[{"href":"https:\/\/coltex.com.br\/site\/wp-json\/wp\/v2\/types\/post"}],"author":[{"embeddable":true,"href":"https:\/\/coltex.com.br\/site\/wp-json\/wp\/v2\/users\/2"}],"replies":[{"embeddable":true,"href":"https:\/\/coltex.com.br\/site\/wp-json\/wp\/v2\/comments?post=3878"}],"version-history":[{"count":11,"href":"https:\/\/coltex.com.br\/site\/wp-json\/wp\/v2\/posts\/3878\/revisions"}],"predecessor-version":[{"id":3977,"href":"https:\/\/coltex.com.br\/site\/wp-json\/wp\/v2\/posts\/3878\/revisions\/3977"}],"wp:featuredmedia":[{"embeddable":true,"href":"https:\/\/coltex.com.br\/site\/wp-json\/wp\/v2\/media\/3898"}],"wp:attachment":[{"href":"https:\/\/coltex.com.br\/site\/wp-json\/wp\/v2\/media?parent=3878"}],"wp:term":[{"taxonomy":"category","embeddable":true,"href":"https:\/\/coltex.com.br\/site\/wp-json\/wp\/v2\/categories?post=3878"},{"taxonomy":"post_tag","embeddable":true,"href":"https:\/\/coltex.com.br\/site\/wp-json\/wp\/v2\/tags?post=3878"}],"curies":[{"name":"wp","href":"https:\/\/api.w.org\/{rel}","templated":true}]}}